{"id":972,"date":"2025-08-06T10:52:37","date_gmt":"2025-08-06T08:52:37","guid":{"rendered":"https:\/\/www.pilakinsky.cz\/pila-kinsky-prochazi-modernizaci\/"},"modified":"2025-10-29T21:02:48","modified_gmt":"2025-10-29T20:02:48","slug":"tartak-kinsky-przechodzi-modernizacje","status":"publish","type":"post","link":"https:\/\/www.pilakinsky.cz\/pl\/tartak-kinsky-przechodzi-modernizacje\/","title":{"rendered":"Tartak Kinsk\u00fd przechodzi modernizacj\u0119"},"content":{"rendered":"<p><strong>Tartak Kinsk\u00fd wchodzi w nowy etap swojej dzia\u0142alno\u015bci. Reagujemy na zmiany na rynku drzewnym, zmiany w gospodarce le\u015bnej oraz potrzeby techniczne naszego zak\u0142adu. \u201e<em>Rozpoczynamy szeroko zakrojony projekt modernizacji obiektu i budowy nowej hali tartacznej, kt\u00f3ry umo\u017cliwi nam lepsze przetwarzanie drewna li\u015bciastego, a jednocze\u015bnie zwi\u0119kszy efektywno\u015b\u0107 i ekologiczno\u015b\u0107 produkcji.<\/em>\u201d \u2013 m\u00f3wi Milo\u0161 \u010c\u00e1slavsk\u00fd, kierownik tartaku Kinsk\u00fd.<\/strong><\/p>\n<h3>Nowocze\u015bniejszy i wydajniejszy tartak<\/h3>\n<p>Obecne technologie, w tym pi\u0142a ta\u015bmowa i powi\u0105zane z ni\u0105 urz\u0105dzenia, zbli\u017cy\u0142y si\u0119 do granicy swojej \u017cywotno\u015bci. Utrzymanie ich w dzia\u0142aniu w najbli\u017cszej przysz\u0142o\u015bci wi\u0105za\u0142oby si\u0119 z nieproporcjonalnie wysokimi kosztami. Do decyzji o inwestycji w now\u0105 technologi\u0119 sk\u0142oni\u0142y nas jednak r\u00f3wnie\u017c szersze okoliczno\u015bci:<\/p>\n<ul data-start=\"818\" data-end=\"1059\">\n<li><strong>Zmiany na rynku wskutek pandemii covidowej <\/strong>\u2013 spowolnienie w budownictwie i spadek zapotrzebowania na tarcic\u0119 budowlan\u0105.<\/li>\n<li><strong>Wp\u0142yw gradacji kornika i zmian klimatycznych<\/strong> \u2013 w ostatnich latach znacznie zmniejszy\u0142a si\u0119 ilo\u015b\u0107 drzew iglastych, natomiast przybywa d\u0119b\u00f3w i innych gatunk\u00f3w li\u015bciastych.<\/li>\n<\/ul>\n<p>W przysz\u0142o\u015bci spodziewamy si\u0119 wzrostu udzia\u0142u drewna twardego, co wi\u0105\u017ce si\u0119 z wi\u0119kszymi wymaganiami dotycz\u0105cymi wydajno\u015bci i wytrzyma\u0142o\u015bci technologii tartacznej. Jednocze\u015bnie rosn\u0105 oczekiwania w zakresie precyzji ci\u0119cia i jako\u015bci produktu ko\u0144cowego. Nowe zaplecze technologiczne pozwoli nam sprosta\u0107 tym wyzwaniom.<\/p>\n<div class=\"foogallery-tinymce-count\"><style type=\"text\/css\">\n\t#foogallery-gallery-766 .fg-image {\n        width: 250px;\n    }\n<\/style>\n\t\t\t\t<div class=\"foogallery foogallery-container foogallery-default foogallery-lightbox-foogallery fg-gutter-10 fg-center fg-default fg-light fg-border-thin fg-shadow-outline fg-loading-default fg-loaded-fade-in fg-caption-hover fg-hover-fade fg-hover-zoom fg-ready\" id=\"foogallery-gallery-766\" data-foogallery=\"{&quot;item&quot;:{&quot;showCaptionTitle&quot;:true,&quot;showCaptionDescription&quot;:true},&quot;lazy&quot;:true}\" data-foogallery-lightbox=\"{&quot;thumbs&quot;:&quot;bottom&quot;,&quot;thumbsCaptions&quot;:false,&quot;thumbsBestFit&quot;:false,&quot;thumbsSmall&quot;:false,&quot;thumbsCaptionsAlign&quot;:&quot;default&quot;,&quot;info&quot;:&quot;bottom&quot;,&quot;infoVisible&quot;:true,&quot;infoOverlay&quot;:true,&quot;infoAlign&quot;:&quot;default&quot;,&quot;transition&quot;:&quot;fade&quot;,&quot;hoverButtons&quot;:false,&quot;fitMedia&quot;:false,&quot;noScrollbars&quot;:true,&quot;preserveButtonSpace&quot;:true,&quot;buttons&quot;:{&quot;fullscreen&quot;:true,&quot;info&quot;:true,&quot;thumbs&quot;:false},&quot;video&quot;:{&quot;autoPlay&quot;:true}}\" >\n\t<div class=\"fg-item fg-type-image fg-idle\"><figure class=\"fg-item-inner\"><a href=\"https:\/\/www.pilakinsky.cz\/wp-content\/uploads\/2025\/08\/pilnice.jpg\" data-attachment-id=\"767\" data-type=\"image\" class=\"fg-thumb\"><span class=\"fg-image-wrap\"><img fetchpriority=\"high\" decoding=\"async\" width=\"250\" height=\"250\" class=\"skip-lazy fg-image\" data-src-fg=\"https:\/\/www.pilakinsky.cz\/wp-content\/uploads\/cache\/2025\/08\/pilnice\/72369643.jpg\" src=\"data:image\/svg+xml,%3Csvg%20xmlns%3D%22http%3A%2F%2Fwww.w3.org%2F2000%2Fsvg%22%20width%3D%22250%22%20height%3D%22250%22%20viewBox%3D%220%200%20250%20250%22%3E%3C%2Fsvg%3E\" loading=\"eager\"><\/span><span class=\"fg-image-overlay\"><\/span><\/a><figcaption class=\"fg-caption\"><div class=\"fg-caption-inner\"><\/div><\/figcaption><\/figure><div class=\"fg-loader\"><\/div><\/div><div class=\"fg-item fg-type-image fg-idle\"><figure class=\"fg-item-inner\"><a href=\"https:\/\/www.pilakinsky.cz\/wp-content\/uploads\/2025\/08\/zpracovani-dubu-pila-1.jpg\" data-attachment-id=\"768\" data-type=\"image\" class=\"fg-thumb\"><span class=\"fg-image-wrap\"><img decoding=\"async\" width=\"250\" height=\"250\" class=\"skip-lazy fg-image\" data-src-fg=\"https:\/\/www.pilakinsky.cz\/wp-content\/uploads\/cache\/2025\/08\/zpracovani-dubu-pila-1\/713451194.jpg\" src=\"data:image\/svg+xml,%3Csvg%20xmlns%3D%22http%3A%2F%2Fwww.w3.org%2F2000%2Fsvg%22%20width%3D%22250%22%20height%3D%22250%22%20viewBox%3D%220%200%20250%20250%22%3E%3C%2Fsvg%3E\" loading=\"eager\"><\/span><span class=\"fg-image-overlay\"><\/span><\/a><figcaption class=\"fg-caption\"><div class=\"fg-caption-inner\"><\/div><\/figcaption><\/figure><div class=\"fg-loader\"><\/div><\/div><div class=\"fg-item fg-type-image fg-idle\"><figure class=\"fg-item-inner\"><a href=\"https:\/\/www.pilakinsky.cz\/wp-content\/uploads\/2025\/08\/zpracovani-dubu-pila-2.jpg\" data-attachment-id=\"769\" data-type=\"image\" class=\"fg-thumb\"><span class=\"fg-image-wrap\"><img decoding=\"async\" width=\"250\" height=\"250\" class=\"skip-lazy fg-image\" data-src-fg=\"https:\/\/www.pilakinsky.cz\/wp-content\/uploads\/cache\/2025\/08\/zpracovani-dubu-pila-2\/1055899234.jpg\" src=\"data:image\/svg+xml,%3Csvg%20xmlns%3D%22http%3A%2F%2Fwww.w3.org%2F2000%2Fsvg%22%20width%3D%22250%22%20height%3D%22250%22%20viewBox%3D%220%200%20250%20250%22%3E%3C%2Fsvg%3E\" loading=\"eager\"><\/span><span class=\"fg-image-overlay\"><\/span><\/a><figcaption class=\"fg-caption\"><div class=\"fg-caption-inner\"><\/div><\/figcaption><\/figure><div class=\"fg-loader\"><\/div><\/div><div class=\"fg-item fg-type-image fg-idle\"><figure class=\"fg-item-inner\"><a href=\"https:\/\/www.pilakinsky.cz\/wp-content\/uploads\/2025\/08\/zpracovani-dubu-pila-3.jpg\" data-attachment-id=\"770\" data-type=\"image\" class=\"fg-thumb\"><span class=\"fg-image-wrap\"><img decoding=\"async\" width=\"250\" height=\"250\" class=\"skip-lazy fg-image\" data-src-fg=\"https:\/\/www.pilakinsky.cz\/wp-content\/uploads\/cache\/2025\/08\/zpracovani-dubu-pila-3\/3575808610.jpg\" src=\"data:image\/svg+xml,%3Csvg%20xmlns%3D%22http%3A%2F%2Fwww.w3.org%2F2000%2Fsvg%22%20width%3D%22250%22%20height%3D%22250%22%20viewBox%3D%220%200%20250%20250%22%3E%3C%2Fsvg%3E\" loading=\"eager\"><\/span><span class=\"fg-image-overlay\"><\/span><\/a><figcaption class=\"fg-caption\"><div class=\"fg-caption-inner\"><\/div><\/figcaption><\/figure><div class=\"fg-loader\"><\/div><\/div><\/div>\n<\/div>\n<h3>Jakich zmian mo\u017cemy spodziewa\u0107 si\u0119 w tartaku?<\/h3>\n<p>Po dok\u0142adnych przygotowaniach obejmuj\u0105cych szczeg\u00f3\u0142owe planowanie, projektowanie oraz szereg spotka\u0144 zdecydowali\u015bmy si\u0119 na nast\u0119puj\u0105cych dostawc\u00f3w technologii tartacznej:<\/p>\n<ul>\n<li><strong>Pi\u0142a ta\u015bmowa Brenta<\/strong>\u2013 profesjonalne rozwi\u0105zanie renomowanego producenta francuskiego.<\/li>\n<li><strong>Pi\u0142a rozdzielcza i obrzynarka PAUL<\/strong>\u2013 technologie ciesz\u0105ce si\u0119 naszym dobrym do\u015bwiadczeniem.<\/li>\n<li><strong>Korowarka oraz wykrywacz metali Baljer-Zembrod<\/strong>\u2013 do dok\u0142adnego przygotowania drewna okr\u0105g\u0142ego przed obr\u00f3bk\u0105.<\/li>\n<\/ul>\n<p>Dla nowej technologii powstanie ca\u0142kowicie <strong>nowa hala tartaczna<\/strong>, kt\u00f3ra pozwoli na optymalizacj\u0119 przep\u0142ywu materia\u0142u i powi\u0105zanych proces\u00f3w \u2013 na przyk\u0142ad gospodarowania trocinami, kor\u0105 i zr\u0119bkami. Stara hala tartaczna b\u0119dzie nadal s\u0142u\u017cy\u0107 do przechowywania i wst\u0119pnego suszenia tarcicy.<\/p>\n<p><strong>Cz\u0119\u015bci\u0105 projektu b\u0119d\u0105 r\u00f3wnie\u017c:<\/strong><\/p>\n<ul>\n<li>nowe parkingi przed terenem tartaku,<\/li>\n<li>magazyn surowca,<\/li>\n<li>modernizacja zabezpiecze\u0144 i infrastruktury obu obiekt\u00f3w.<\/li>\n<\/ul>\n<h3>Kiedy zaczynamy i co nas czeka<\/h3>\n<p>Pierwsze kroki ju\u017c trwaj\u0105. W ci\u0105gu zimowych miesi\u0119cy przygotowano teren budowy. Sama budowa nowej hali tartacznej i obiekt\u00f3w technologicznych rozpocznie si\u0119 jesieni\u0105 2025 roku. Planowane przekazanie budynk\u00f3w do u\u017cytkowania przewidujemy na jesie\u0144 2026 roku.<\/p>\n<p>Nowe technologie i nowoczesne zaplecze zwi\u0119ksz\u0105 wydajno\u015b\u0107 produkcji i poprawi\u0105 warunki pracy. Mimo \u017ce rozbudowa zak\u0142adu wi\u0105\u017ce si\u0119 z wi\u0119kszym zu\u017cyciem energii, projekt przewiduje cz\u0119\u015bciowe pokrycie jej zapotrzebowania z odnawialnych \u017ar\u00f3de\u0142. W ramach rozbudowy planowana jest instalacja elektrowni fotowoltaicznej oraz innych rozwi\u0105za\u0144, kt\u00f3re pomog\u0105 d\u0142ugoterminowo zmniejszy\u0107 zale\u017cno\u015b\u0107 od zewn\u0119trznych dostaw energii i zwi\u0119kszy\u0107 samowystarczalno\u015b\u0107 energetyczn\u0105 obiektu. K\u0142adziemy r\u00f3wnie\u017c nacisk na efektywne gospodarowanie produktami ubocznymi produkcji tartacznej, takimi jak trociny, kora czy zr\u0119bki. Modernizacja jednocze\u015bnie wspiera d\u0142ugoterminow\u0105 stabilno\u015b\u0107 i konkurencyjno\u015b\u0107 firmy Kinsk\u00fd dal Borgo, do kt\u00f3rej nale\u017cy nasz tartak.<\/p>\n<p>Naszym celem jest nadal produkowa\u0107 wysokiej jako\u015bci tarcic\u0119, ale z wi\u0119ksz\u0105 efektywno\u015bci\u0105 i z uwzgl\u0119dnieniem aktualnych potrzeb rynku oraz gospodarki le\u015bnej.<\/p>\n","protected":false},"excerpt":{"rendered":"<p>Tartak Kinsk\u00fd wchodzi w nowy etap swojej dzia\u0142alno\u015bci. Reagujemy na zmiany na rynku drzewnym, zmiany w gospodarce le\u015bnej oraz potrzeby techniczne naszego zak\u0142adu. \u201eRozpoczynamy szeroko zakrojony<span class=\"excerpt-hellip\"> [\u2026]<\/span><\/p>\n","protected":false},"author":6,"featured_media":974,"comment_status":"closed","ping_status":"closed","sticky":false,"template":"","format":"standard","meta":{"_acf_changed":false,"footnotes":""},"categories":[61],"tags":[],"class_list":["post-972","post","type-post","status-publish","format-standard","has-post-thumbnail","hentry","category-bez-kategorii"],"acf":[],"_links":{"self":[{"href":"https:\/\/www.pilakinsky.cz\/pl\/wp-json\/wp\/v2\/posts\/972","targetHints":{"allow":["GET"]}}],"collection":[{"href":"https:\/\/www.pilakinsky.cz\/pl\/wp-json\/wp\/v2\/posts"}],"about":[{"href":"https:\/\/www.pilakinsky.cz\/pl\/wp-json\/wp\/v2\/types\/post"}],"author":[{"embeddable":true,"href":"https:\/\/www.pilakinsky.cz\/pl\/wp-json\/wp\/v2\/users\/6"}],"replies":[{"embeddable":true,"href":"https:\/\/www.pilakinsky.cz\/pl\/wp-json\/wp\/v2\/comments?post=972"}],"version-history":[{"count":4,"href":"https:\/\/www.pilakinsky.cz\/pl\/wp-json\/wp\/v2\/posts\/972\/revisions"}],"predecessor-version":[{"id":991,"href":"https:\/\/www.pilakinsky.cz\/pl\/wp-json\/wp\/v2\/posts\/972\/revisions\/991"}],"wp:featuredmedia":[{"embeddable":true,"href":"https:\/\/www.pilakinsky.cz\/pl\/wp-json\/wp\/v2\/media\/974"}],"wp:attachment":[{"href":"https:\/\/www.pilakinsky.cz\/pl\/wp-json\/wp\/v2\/media?parent=972"}],"wp:term":[{"taxonomy":"category","embeddable":true,"href":"https:\/\/www.pilakinsky.cz\/pl\/wp-json\/wp\/v2\/categories?post=972"},{"taxonomy":"post_tag","embeddable":true,"href":"https:\/\/www.pilakinsky.cz\/pl\/wp-json\/wp\/v2\/tags?post=972"}],"curies":[{"name":"wp","href":"https:\/\/api.w.org\/{rel}","templated":true}]}}