{"id":1007,"date":"2025-07-01T03:48:21","date_gmt":"2025-07-01T01:48:21","guid":{"rendered":"https:\/\/www.pilakinsky.cz\/?p=1007"},"modified":"2026-01-16T13:56:25","modified_gmt":"2026-01-16T12:56:25","slug":"michal-prouza-las-rowniez-potrzebuje-biura","status":"publish","type":"post","link":"https:\/\/www.pilakinsky.cz\/pl\/michal-prouza-las-rowniez-potrzebuje-biura\/","title":{"rendered":"Michal Prouza: Las r\u00f3wnie\u017c potrzebuje biura"},"content":{"rendered":"<p>W firmie Kinsk\u00fd dal Borgo dzia\u0142a od ponad \u0107wier\u0107 wieku. W tym czasie przeszed\u0142 drog\u0119 od gajowego, pracy w ba\u017cantarni i inspektora operacyjnego a\u017c na najwy\u017csze stanowisko kierownicze i dzi\u015b wraz ze swoim zespo\u0142em decyduje o tym, jak b\u0119d\u0105 wygl\u0105da\u0142y lasy Kinsk\u00fdch dal Borgo w ci\u0105gu kolejnych dziesi\u0119cioleci, a nawet stuleci. Dyrektor gospodarki le\u015bnej Kinsk\u00fd dal Borgo a.s. Ing. Michal Prouza opowie nam o tym, jak firma rozwin\u0119\u0142a si\u0119 przez lata jego praktyki i jakie wyzwania j\u0105 czekaj\u0105.<\/p>\n<p><strong>Dwadzie\u015bcia pi\u0119\u0107 lat to kawa\u0142 \u017cycia. Jak wspomina pan swoj\u0105 dotychczasow\u0105 prac\u0119 w firmie?<\/strong><\/p>\n<p><a href=\"https:\/\/www.pilakinsky.cz\/wp-content\/uploads\/2025\/07\/michal-prouza-e1752067361730.jpg\"><img loading=\"lazy\" decoding=\"async\" class=\"size-medium wp-image-1040 alignright\" src=\"https:\/\/www.pilakinsky.cz\/wp-content\/uploads\/2025\/07\/michal-prouza-e1752067361730-249x300.jpg\" alt=\"Michal Prouza, \u0159editel lesn\u00edho hospod\u00e1\u0159stv\u00ed, Kinsk\u00fd dal Borgo\" width=\"249\" height=\"300\" \/><\/a><\/p>\n<p>Prac\u0119 u Kinsk\u00fdch rozpocz\u0105\u0142em zaraz po s\u0142u\u017cbie wojskowej, w 1999 roku, na stanowisku le\u015bniczego. Po dw\u00f3ch latach przenios\u0142em si\u0119 do ba\u017cantarni Luhy, gdzie sp\u0119dzi\u0142em 10 lat. W mi\u0119dzyczasie r\u00f3wnolegle zacz\u0105\u0142em pracowa\u0107 jako inspektor operacyjny \u2013 funkcj\u0119 t\u0119 pe\u0142ni\u0142em do 2022 roku. Od 2023 roku zosta\u0142em mianowany dyrektorem gospodarstwa le\u015bnego. Patrz\u0105c wstecz, wszystkie stanowiska sprawia\u0142y mi przyjemno\u015b\u0107. Lubi\u0119 proces tw\u00f3rczy, prac\u0119, w kt\u00f3rej mog\u0119 analizowa\u0107 i rozwi\u0105zywa\u0107 problemy. Pod tym wzgl\u0119dem najbardziej odpowiada\u0142o mi stanowisko inspektora operacyjnego.<\/p>\n<p><strong>Na stanowisku dyrektora sp\u0119dza Pan teraz zapewne znacznie wi\u0119cej czasu w biurze. Nie t\u0119skni pan za lasem?<\/strong><\/p>\n<p>Las te\u017c potrzebuje biura, \u017ceby wszystko dobrze funkcjonowa\u0142o. Chcia\u0142bym jednak z czasem zn\u00f3w sp\u0119dza\u0107 w nim wi\u0119cej czasu. Ca\u0142e szcz\u0119\u015bcie stanowisku dyrektora gospodarstwa le\u015bnego towarzyszy r\u00f3wnie\u017c funkcja nadle\u015bniczego (specjalista ds. gospodarki le\u015bnej). To najwy\u017csza forma tw\u00f3rczej dzia\u0142alno\u015bci le\u015bnej \u2013 taka osoba mo\u017ce bezpo\u015brednio lub za po\u015brednictwem swoich wsp\u00f3\u0142pracownik\u00f3w wp\u0142ywa\u0107 przez dziesi\u0119ciolecia, a nawet stulecia, na to, jak b\u0119d\u0105 wygl\u0105da\u0142y lasy Kinsk\u00fdch.<\/p>\n<p><strong>Co wed\u0142ug Pana poprawi\u0142o si\u0119 w ostatnich latach, a gdzie wci\u0105\u017c s\u0105 pewne rezerwy?<\/strong><\/p>\n<p>Nie pami\u0119tam okresu tu\u017c po restytucji \u2013 w tym czasie do\u0142\u0105czy\u0142em ju\u017c do dobrze funkcjonuj\u0105cego systemu i mog\u0142em kontynuowa\u0107 to, co rozpocz\u0119li moi poprzednicy. W lasach jednak zasz\u0142o wiele zmian. W przesz\u0142o\u015bci do\u015bwiadczyli\u015bmy kilku kl\u0119sk \u2013 g\u0142\u00f3wnie wichur w latach 2001, 2007 i 2010. Silnie dotkn\u0119\u0142a nas tak\u017ce gradacja kornika i susza w latach 2017\u20132021. Pozytywnie oceniam to, jak poradzili\u015bmy sobie ze wszystkimi tymi kl\u0119skami oraz jaki kierunek gospodarowania uda\u0142o nam si\u0119 wsp\u00f3lnie wypracowa\u0107. Zdecydowali\u015bmy si\u0119 na bardziej przyjazne dla \u015brodowiska metody gospodarki le\u015bnej \u2013 w wi\u0119kszym stopniu wykorzystujemy potencja\u0142 w\u0142asnych drzewostan\u00f3w i ich naturalne odnowienie. Uda\u0142o nam si\u0119 te\u017c stosunkowo szybko zbudowa\u0107 sprawny zesp\u00f3\u0142 pracownik\u00f3w \u2013 zar\u00f3wno w lesie, jak i w tartaku. To oni s\u0105 sercem ca\u0142ego systemu. Bez nich nie by\u0142oby to mo\u017cliwe. Rezerwy na pewno widz\u0119 w tym, \u017ce do le\u015bnictwa nie trafiaj\u0105 m\u0142odzi ludzie. To specyficzna i wymagaj\u0105ca praca, a w por\u00f3wnaniu z innymi bran\u017cami \u2013 niezbyt atrakcyjnie wynagradzana.<\/p>\n<p><strong>Bardzo aktualnym tematem jest ekologia, kt\u00f3ra w du\u017cym stopniu znajduje odzwierciedlenie tak\u017ce w przepisach prawa. Jak ekologiczne regulacje wp\u0142ywaj\u0105 na Pa\u0144sk\u0105 prac\u0119?<\/strong><\/p>\n<p>Le\u015bnik w naszym rozumieniu to nie tylko producent drewna, lecz specjalista o szerokiej wiedzy, kt\u00f3ry w swojej istocie by\u0142 i jest r\u00f3wnie\u017c pierwszym ekologiem. W przypadku maj\u0105tku Kinsk\u00fdch oko\u0142o jedna trzecia powierzchni znajduje si\u0119 pod pewnym stopniem ochrony prawnej \u2013 czy to w ramach programu Natura 2000, pomnik\u00f3w przyrody, rezerwat\u00f3w, czy cz\u0119\u015bci obszaru chronionego krajobrazu Czeskiego Raju.\u00a0 To w pewien spos\u00f3b nas ogranicza, ale mimo to udaje nam si\u0119 dzia\u0142a\u0107 w spos\u00f3b odpowiedzialny.<\/p>\n<p><strong>Wspomnia\u0142 Pan o europejskim programie sieci obszar\u00f3w chronionych Natura 2000. Co to dla Pana oznacza w praktyce?<\/strong><\/p>\n<p>Przede wszystkim jest to pewne uznanie \u2013 dow\u00f3d na to, \u017ce le\u015bnicy przez stulecia dbali o te tereny tak dobrze, \u017ce dzi\u015b warto je chroni\u0107. Ale rozumiem, o co Pan pyta. (\u015bmiech) Ograniczenia maj\u0105 g\u0142\u00f3wnie charakter administracyjny. W praktyce wszystko zale\u017cy od tego, co jest przedmiotem ochrony na danym obszarze. Na przyk\u0142ad w okolicach Chlumca nad Cidlin\u0105 chronione s\u0105 przede wszystkim li\u015bciaste drzewostany d\u0119bowe. To dlatego, \u017ce wyst\u0119puj\u0105 tam specyficzne biotopy, z kt\u00f3rymi zwi\u0105zany jest chroniony jelonek rogacz. W tym przypadku ograniczenia nie s\u0105 zbyt uci\u0105\u017cliwe \u2013 kluczowe jest, aby nie niszczy\u0107 jego biotopu. Oznacza to mi\u0119dzy innymi, \u017ce podczas prac w tych rejonach nie mo\u017cna u\u017cywa\u0107 ci\u0119\u017ckiego sprz\u0119tu, poniewa\u017c jelonek rozwija si\u0119 w pniakach, czy te\u017c w korzeniach pr\u00f3chniej\u0105cych drzew.<\/p>\n<p><strong>Na jakim obszarze zatem gospodaruje rodzina Kinsk\u00fdch i jakie lasy przewa\u017caj\u0105 w ich maj\u0105tku?<\/strong><\/p>\n<p>\u0141\u0105cznie sp\u00f3\u0142ka posiada nieco mniej ni\u017c 8 200 hektar\u00f3w lasu, a ponadto sprawujemy nadz\u00f3r nad lasami miejskimi miasta Bohdane\u010d o powierzchni 304 hektar\u00f3w. Wi\u0119kszo\u015b\u0107 teren\u00f3w le\u017cy w okolicach Chlumca nad Cidlin\u0105, gospodarujemy r\u00f3wnie\u017c na maj\u0105tku wok\u00f3\u0142 zamku Kost, a cz\u0119\u015b\u0107 stanowi nowo zakupiony kompleks le\u015bny Holovousy. Nasze obszary rozci\u0105gaj\u0105 si\u0119 od Polab\u00ed, czyli regionu Chlumeckiego, przez Ho\u0159ick\u00fd h\u0159bet, gdzie znajduje si\u0119 wspomniany kompleks le\u015bny Holovousy, a\u017c po Czeski Raj, w kt\u00f3rym po\u0142o\u017cony jest kompleks le\u015bny Kost. Z tego wynikaj\u0105 r\u00f3\u017cnice w sposobach gospodarowania \u2013 okolice Chlumca to g\u0142\u00f3wnie tereny p\u0142askie, Holovousy to zbocza, a w okolicy zamku Kost dominuje krajobraz piaskowcowy. Je\u015bli chodzi o sk\u0142ad gatunkowy drzewostan\u00f3w, znacznie zmieni\u0142 si\u0119 on w ci\u0105gu ostatnich lat wskutek gradacji kornika. W ca\u0142ym maj\u0105tku ro\u015bnie jednak niezwykle zr\u00f3\u017cnicowane spektrum gatunk\u00f3w drzew, przy czym dominuj\u0105 d\u0105b i sosna. Razem stanowi\u0105 oko\u0142o 80 procent wszystkich drzewostan\u00f3w. Reszta obejmuje praktycznie wszystko, co tylko mo\u017cna sobie wyobrazi\u0107.<\/p>\n<p><a href=\"https:\/\/www.pilakinsky.cz\/wp-content\/uploads\/2025\/07\/kdb-les-obora.jpg\"><img loading=\"lazy\" decoding=\"async\" class=\"aligncenter wp-image-1041 size-large\" src=\"https:\/\/www.pilakinsky.cz\/wp-content\/uploads\/2025\/07\/kdb-les-obora-1024x683.jpg\" alt=\"\" width=\"1024\" height=\"683\" \/><\/a><\/p>\n<p>\n<strong>Do opieki nad lasem (a po\u015brednio krajobrazem) wchodzi r\u00f3wnie\u017c troska o zwierzyn\u0119. Ile teren\u00f3w \u0142owieckich w maj\u0105tku Kinsk\u00fd dal Borgo nadzoruje Pana zesp\u00f3\u0142?<\/strong><\/p>\n<p>\u0141\u0105cznie zarz\u0105dzamy 10 w\u0142asnymi terenami \u0142owieckimi oraz jednym wynajmowanym w austriackich Alpach. W rezerwacie Obora Kn\u011b\u017ei\u010dky opiekujemy si\u0119 sarnami i muflonami, a od niedawna wprowadzamy tak\u017ce gatunek jelenia Dybowskiego. W pozosta\u0142ych obwodach przewa\u017ca zwierzyna p\u0142owa i dzika \u2013 czyli sarny oraz dziki.<\/p>\n<p><strong>Zaczyna\u0142 Pan na stanowisku le\u015bniczego. Jak wygl\u0105da\u0142a Pa\u0144ska droga do \u0142owiectwa?<\/strong><\/p>\n<p>Do \u0142owiectwa wprowadzi\u0142 mnie jako ma\u0142ego ch\u0142opca m\u00f3j dziadek. Dzi\u0119ki niemu po uko\u0144czeniu szko\u0142y podstawowej wybra\u0142em szko\u0142\u0119 le\u015bn\u0105. W trakcie studi\u00f3w m\u00f3j stosunek do tego zawodu stopniowo si\u0119 zmienia\u0142 i dzi\u015b \u0142owiectwo stanowi dla mnie integraln\u0105 cz\u0119\u015b\u0107 gospodarowania krajobrazem. Zwierzyna jest jego nieod\u0142\u0105czn\u0105 cz\u0119\u015bci\u0105, dlatego praca le\u015bnika w moim rozumieniu obejmuje tak\u017ce trosk\u0119 o zwierzyn\u0119.<\/p>\n<p><strong>Jak zatem osobi\u015bcie postrzega Pan misj\u0119 my\u015bliwego?<\/strong><\/p>\n<p>My\u015bliwy powinien by\u0107 przede wszystkim specjalist\u0105 i dba\u0107 o zwierzyn\u0119 jako nieod\u0142\u0105czn\u0105 cz\u0119\u015b\u0107 krajobrazu. Opiek\u0119 nad zwierzyn\u0105 nale\u017cy postrzega\u0107 przede wszystkim z perspektywy jej potrzeb biologicznych, maj\u0105c nieustannie na uwadze, \u017ce krajobraz i zwierzyna ze sob\u0105 zwi\u0105zane. Uwa\u017cam, \u017ce to w\u0142a\u015bnie jest misj\u0105 nowoczesnego \u0142owiectwa.<\/p>\n<p><strong>Ju\u017c setki lat temu rodzina Kinsk\u00fdch by\u0142a w pewnym sensie pionierami w \u0142owiectwie. Uwa\u017cali je za spraw\u0119 szlachetn\u0105, z w\u0142asnymi, \u015bci\u015ble okre\u015blonymi zasadami. Czy to nadal obowi\u0105zuje?<\/strong><\/p>\n<p>Zdecydowanie tak. Sp\u00f3\u0142ka utrzymuje dziedzictwo w \u017cyciu i aktywnie nawi\u0105zuje do niego. Stara si\u0119, aby \u0142owiectwo Kinsk\u00fdch by\u0142o wzorem dla innych.<\/p>\n<p><strong>Od 2002 roku cz\u0119\u015bci\u0105 r\u00f3\u017cnorodnego portfolio firmy jest r\u00f3wnie\u017c tartak. Jakie produkty s\u0105 w jego ofercie?<\/strong><\/p>\n<p>Oko\u0142o jedn\u0105 trzeci\u0105 drewna, kt\u00f3re corocznie pozyskujemy z las\u00f3w Kinsk\u00fdch, przerabiamy w tartaku na produkty gotowe. Tniemy praktycznie wszystko, czego klienci sobie \u017cycz\u0105, ale naszym g\u0142\u00f3wnym produktem jest drewno d\u0119bowe i wyroby z niego. W kontek\u015bcie krajowym daje nam to przewag\u0119 i istotny potencja\u0142 ekonomiczny. Obecnie du\u017cym wyzwaniem jest dla nas modernizacja technologii w tartaku, poniewa\u017c obecna jest ju\u017c na granicy swojej \u017cywotno\u015bci i nie jest wystarczaj\u0105co efektywna.<\/p>\n<p><strong>Jakie plany ma dyrektor gospodarstwa le\u015bnego?<\/strong><\/p>\n<p>Z plan\u00f3w kr\u00f3tkoterminowych to pomy\u015blne zako\u0144czenie wdro\u017cenia nowego systemu wewn\u0119trznego we wsp\u00f3\u0142pracy z ca\u0142ym zespo\u0142em. \u015arednioterminow\u0105 wizj\u0105 jest wspomniana modernizacja technologii w tartaku. D\u0142ugoterminowym celem jest przekazanie powierzonego maj\u0105tku zar\u00f3wno potomkom rodziny Kinsk\u00fdch, jak i naszym przysz\u0142ym wsp\u00f3\u0142pracownikom w stanie co najmniej takim.<\/p>\n<p><a href=\"https:\/\/www.pilakinsky.cz\/wp-content\/uploads\/2025\/07\/obora-les-dron.jpg\"><img loading=\"lazy\" decoding=\"async\" class=\"aligncenter wp-image-1042 size-large\" src=\"https:\/\/www.pilakinsky.cz\/wp-content\/uploads\/2025\/07\/obora-les-dron-1024x683.jpg\" alt=\"Lesy Kinsk\u00fd, Obora\" width=\"1024\" height=\"683\" \/><\/a><\/p>\n","protected":false},"excerpt":{"rendered":"<p>W firmie Kinsk\u00fd dal Borgo dzia\u0142a od ponad \u0107wier\u0107 wieku. W tym czasie przeszed\u0142 drog\u0119 od gajowego, pracy w ba\u017cantarni i inspektora operacyjnego a\u017c na najwy\u017csze<span class=\"excerpt-hellip\"> [\u2026]<\/span><\/p>\n","protected":false},"author":2,"featured_media":1087,"comment_status":"closed","ping_status":"closed","sticky":false,"template":"","format":"standard","meta":{"_acf_changed":false,"footnotes":""},"categories":[61],"tags":[],"class_list":["post-1007","post","type-post","status-publish","format-standard","has-post-thumbnail","hentry","category-bez-kategorii"],"acf":[],"_links":{"self":[{"href":"https:\/\/www.pilakinsky.cz\/pl\/wp-json\/wp\/v2\/posts\/1007","targetHints":{"allow":["GET"]}}],"collection":[{"href":"https:\/\/www.pilakinsky.cz\/pl\/wp-json\/wp\/v2\/posts"}],"about":[{"href":"https:\/\/www.pilakinsky.cz\/pl\/wp-json\/wp\/v2\/types\/post"}],"author":[{"embeddable":true,"href":"https:\/\/www.pilakinsky.cz\/pl\/wp-json\/wp\/v2\/users\/2"}],"replies":[{"embeddable":true,"href":"https:\/\/www.pilakinsky.cz\/pl\/wp-json\/wp\/v2\/comments?post=1007"}],"version-history":[{"count":4,"href":"https:\/\/www.pilakinsky.cz\/pl\/wp-json\/wp\/v2\/posts\/1007\/revisions"}],"predecessor-version":[{"id":1043,"href":"https:\/\/www.pilakinsky.cz\/pl\/wp-json\/wp\/v2\/posts\/1007\/revisions\/1043"}],"wp:featuredmedia":[{"embeddable":true,"href":"https:\/\/www.pilakinsky.cz\/pl\/wp-json\/wp\/v2\/media\/1087"}],"wp:attachment":[{"href":"https:\/\/www.pilakinsky.cz\/pl\/wp-json\/wp\/v2\/media?parent=1007"}],"wp:term":[{"taxonomy":"category","embeddable":true,"href":"https:\/\/www.pilakinsky.cz\/pl\/wp-json\/wp\/v2\/categories?post=1007"},{"taxonomy":"post_tag","embeddable":true,"href":"https:\/\/www.pilakinsky.cz\/pl\/wp-json\/wp\/v2\/tags?post=1007"}],"curies":[{"name":"wp","href":"https:\/\/api.w.org\/{rel}","templated":true}]}}